{"id":1014,"date":"2020-07-28T11:59:39","date_gmt":"2020-07-28T11:59:39","guid":{"rendered":"https:\/\/aims-cameroon.org\/?p=1014"},"modified":"2021-07-19T09:03:51","modified_gmt":"2021-07-19T09:03:51","slug":"aims-cameroon-alumni-get-inspired-to-address-climate-change-thanks-to-the-aims-women-in-science-climate-science-speaker-series","status":"publish","type":"post","link":"https:\/\/aims-cameroon.org\/fr\/aims-cameroon-alumni-get-inspired-to-address-climate-change-thanks-to-the-aims-women-in-science-climate-science-speaker-series\/","title":{"rendered":"Les anciennes \u00e9l\u00e8ves d&#039;Aims-Cameroun s&#039;inspirent pour lutter contre le changement climatique, gr\u00e2ce \u00e0 la s\u00e9rie de conf\u00e9rences AIMS Women in Science sur la science du climat"},"content":{"rendered":"<p>AIMS-Cameroun, le 30 juin 2020, a organis\u00e9 la 1\u00e8re session de la s\u00e9rie de conf\u00e9rences AIMS Women in Science (AIMSWIS) sur les sciences du climat. L&#039;objectif \u00e9tait d&#039;alimenter la passion de la communaut\u00e9 AIMS-Cameroun, en particulier les jeunes femmes, \u00e0 rejoindre la lutte contre le changement climatique et \u00e0 r\u00e9soudre les d\u00e9fis du d\u00e9veloppement de l&#039;Afrique r\u00e9sultant du changement climatique.<\/p>\n\n\n\n<p>Mettant en vedette 26 participants, dont 12 femmes, l&#039;\u00e9v\u00e9nement a \u00e9t\u00e9 marqu\u00e9 par une conf\u00e9rence virtuelle donn\u00e9e par&nbsp;<strong>Mme. Priscilla Ngie Nde Tuma<\/strong>, Doctorant et ma\u00eetre de conf\u00e9rences \u00e0 l&#039;Universit\u00e9 catholique de Bamenda, Cameroun, sur le th\u00e8me \u00ab<strong>Probl\u00e8mes de changement climatique, sant\u00e9 et genre<\/strong>\u00bb. Dans son discours, elle a insist\u00e9 sur les effets acc\u00e9l\u00e9r\u00e9s du changement climatique sur la sant\u00e9 et le genre, leurs cons\u00e9quences directes et indirectes, sans oublier les strat\u00e9gies d&#039;att\u00e9nuation et d&#039;adaptation.<\/p>\n\n\n\n<p>&quot;<strong>Le changement climatique et les d\u00e9s\u00e9quilibres en mati\u00e8re de sant\u00e9 sont deux des plus grands d\u00e9fis li\u00e9s aux questions de genre au 21e si\u00e8cle<\/strong>&quot; elle a dit.<\/p>\n\n\n\n<p>Expliquant l&#039;effet du changement climatique sur le genre, Mme Priscilla Ngie Nde Tuma a d\u00e9clar\u00e9 que les causes des facteurs du changement climatique affectent diff\u00e9remment les hommes et les femmes, les personnes \u00e0 faible revenu subissant une pression nettement plus \u00e9lev\u00e9e pour att\u00e9nuer les effets.<\/p>\n\n\n\n<p>&quot;<strong>Par exemple, les enfants et les femmes (handicap\u00e9s et \u00e2g\u00e9s) sont les plus vuln\u00e9rables qui souffrent du fardeau de la p\u00e9nurie d&#039;eau car ils parcourent parfois de longues distances pendant des jours \u00e0 la recherche d&#039;eau.<\/strong>&quot; elle a dit.<\/p>\n\n\n\n<p>Elle a en outre not\u00e9 que le fl\u00e9au du paludisme est plus \u00e9lev\u00e9 et qu&#039;un apport alimentaire r\u00e9duit est observ\u00e9 chez les personnes \u00e2g\u00e9es \u00e0 mobilit\u00e9 r\u00e9duite, il est donc imp\u00e9ratif de faire tout ce qui est possible pour \u00e9liminer les conditions qui favorisent ces vuln\u00e9rabilit\u00e9s.<\/p>\n\n\n\n<p>\u00c0 titre de recommandation, elle a \u00e9voqu\u00e9 le fait que le gouvernement donne aux femmes la possibilit\u00e9 de donner des conseils sur la mani\u00e8re dont les fonds accord\u00e9s aux pays pauvres sont distribu\u00e9s et utilis\u00e9s pour lutter contre les effets du changement climatique. En outre, elle a soulign\u00e9 que les programmes de r\u00e9duction de la pauvret\u00e9 et une approche plus efficace de l\u2019autonomisation des femmes dans la soci\u00e9t\u00e9, par voie factuelle, contribueraient \u00e9norm\u00e9ment \u00e0 att\u00e9nuer les effets du changement climatique.<\/p>\n\n\n\n<p>Dans ses remarques de cl\u00f4ture, elle a encourag\u00e9 les anciens de l&#039;AIMS \u00e0 s&#039;engager dans le renforcement des capacit\u00e9s en utilisant leurs comp\u00e9tences et leur expertise en big data pour informer les parties prenantes sur la mani\u00e8re de mieux att\u00e9nuer les effets du changement climatique dans leurs pays respectifs.<\/p>\n\n\n\n<p>S&#039;adressant \u00e0 l&#039;une des participantes apr\u00e8s le programme, Agnes Wambui \u00e9tait heureuse d&#039;avoir \u00e9largi sa base de connaissances sur le changement climatique et sur la mani\u00e8re de provoquer le changement n\u00e9cessaire.<\/p>\n\n\n\n<p>&quot;<strong>Je suis maintenant conscient que le changement climatique \u00e9largira le foss\u00e9 entre les sexes dans le monde, c&#039;est pourquoi nous devons autonomiser les femmes et les autres minorit\u00e9s pour leur permettre d&#039;att\u00e9nuer les effets du changement climatique et d&#039;exploiter les opportunit\u00e9s offertes par le changement climatique. Cette r\u00e9v\u00e9lation m&#039;a aid\u00e9 \u00e0 mieux comprendre le probl\u00e8me du changement climatique et comment je peux contribuer \u00e0 le r\u00e9soudre<\/strong>\u00bbElle a divulgu\u00e9.<\/p>","protected":false},"excerpt":{"rendered":"<p>AIMS-Cameroun, le 30 juin 2020, a organis\u00e9 la 1\u00e8re session de la s\u00e9rie de conf\u00e9rences AIMS Women in Science (AIMSWIS) sur les sciences du climat. L&#039;objectif \u00e9tait d&#039;alimenter la passion de la communaut\u00e9 AIMS-Cameroun, en particulier les jeunes femmes, \u00e0 rejoindre la lutte contre le changement climatique et \u00e0 r\u00e9soudre les d\u00e9fis du d\u00e9veloppement de l&#039;Afrique r\u00e9sultant du changement climatique. Avec 26 participants, 12 \u00e9tant<\/p>","protected":false},"author":2,"featured_media":1015,"comment_status":"closed","ping_status":"open","sticky":false,"template":"","format":"standard","meta":{"advgb_blocks_editor_width":"","advgb_blocks_columns_visual_guide":""},"categories":[1],"tags":[],"news_types":[32],"acf":[],"author_meta":{"display_name":"rose","author_link":"https:\/\/aims-cameroon.org\/fr\/author\/rose\/"},"featured_img":"https:\/\/aims-cameroon.org\/wp-content\/uploads\/sites\/6\/2020\/09\/AIMSWIS-talk-300x200.png","coauthors":[],"tax_additional":{"categories":{"linked":["<a href=\"https:\/\/aims-cameroon.org\/fr\/category\/uncategorized\/\" class=\"advgb-post-tax-term\">Uncategorized<\/a>"],"unlinked":["<span class=\"advgb-post-tax-term\">Uncategorized<\/span>"]}},"comment_count":"0","relative_dates":{"created":"Publi\u00e9 6 ans il y a","modified":"Mis \u00e0 jour 5 ans il y a"},"absolute_dates":{"created":"Publi\u00e9 le juillet 28, 2020","modified":"Mise \u00e0 jour le juillet 19, 2021"},"absolute_dates_time":{"created":"Publi\u00e9 le juillet 28, 2020 11:59  ","modified":"Mise \u00e0 jour le juillet 19, 2021 9:03  "},"featured_img_caption":"","series_order":"","_links":{"self":[{"href":"https:\/\/aims-cameroon.org\/fr\/wp-json\/wp\/v2\/posts\/1014"}],"collection":[{"href":"https:\/\/aims-cameroon.org\/fr\/wp-json\/wp\/v2\/posts"}],"about":[{"href":"https:\/\/aims-cameroon.org\/fr\/wp-json\/wp\/v2\/types\/post"}],"author":[{"embeddable":true,"href":"https:\/\/aims-cameroon.org\/fr\/wp-json\/wp\/v2\/users\/2"}],"replies":[{"embeddable":true,"href":"https:\/\/aims-cameroon.org\/fr\/wp-json\/wp\/v2\/comments?post=1014"}],"version-history":[{"count":1,"href":"https:\/\/aims-cameroon.org\/fr\/wp-json\/wp\/v2\/posts\/1014\/revisions"}],"predecessor-version":[{"id":1016,"href":"https:\/\/aims-cameroon.org\/fr\/wp-json\/wp\/v2\/posts\/1014\/revisions\/1016"}],"wp:featuredmedia":[{"embeddable":true,"href":"https:\/\/aims-cameroon.org\/fr\/wp-json\/wp\/v2\/media\/1015"}],"wp:attachment":[{"href":"https:\/\/aims-cameroon.org\/fr\/wp-json\/wp\/v2\/media?parent=1014"}],"wp:term":[{"taxonomy":"category","embeddable":true,"href":"https:\/\/aims-cameroon.org\/fr\/wp-json\/wp\/v2\/categories?post=1014"},{"taxonomy":"post_tag","embeddable":true,"href":"https:\/\/aims-cameroon.org\/fr\/wp-json\/wp\/v2\/tags?post=1014"},{"taxonomy":"news_types","embeddable":true,"href":"https:\/\/aims-cameroon.org\/fr\/wp-json\/wp\/v2\/news_types?post=1014"}],"curies":[{"name":"wp","href":"https:\/\/api.w.org\/{rel}","templated":true}]}}