{"id":1033,"date":"2020-09-28T12:13:58","date_gmt":"2020-09-28T12:13:58","guid":{"rendered":"https:\/\/aims-cameroon.org\/?p=1033"},"modified":"2021-07-19T09:03:51","modified_gmt":"2021-07-19T09:03:51","slug":"aims-teacher-training-program-ttp-launches-maths-clinic","status":"publish","type":"post","link":"https:\/\/aims-cameroon.org\/fr\/aims-teacher-training-program-ttp-launches-maths-clinic\/","title":{"rendered":"AIMS- Le programme de formation des enseignants (TTP) lance une clinique de math\u00e9matiques"},"content":{"rendered":"<p>Le programme de formation des enseignants AIMS (TTP) lance son programme d&#039;engagement du public, la clinique de math\u00e9matiques, dont le but est d&#039;am\u00e9liorer l&#039;appr\u00e9ciation et la prestation des math\u00e9matiques parmi les enseignants et les \u00e9tudiants.<\/p>","protected":false},"excerpt":{"rendered":"<p>Le programme de formation des enseignants AIMS (TTP) lance son programme d&#039;engagement du public, la clinique de math\u00e9matiques, dont le but est d&#039;am\u00e9liorer l&#039;appr\u00e9ciation et la prestation des math\u00e9matiques parmi les enseignants et les \u00e9tudiants.<\/p>","protected":false},"author":2,"featured_media":0,"comment_status":"closed","ping_status":"open","sticky":false,"template":"","format":"standard","meta":{"advgb_blocks_editor_width":"","advgb_blocks_columns_visual_guide":""},"categories":[1],"tags":[],"news_types":[33],"acf":[],"author_meta":{"display_name":"rose","author_link":"https:\/\/aims-cameroon.org\/fr\/author\/rose\/"},"featured_img":null,"coauthors":[],"tax_additional":{"categories":{"linked":["<a href=\"https:\/\/aims-cameroon.org\/fr\/category\/uncategorized\/\" class=\"advgb-post-tax-term\">Uncategorized<\/a>"],"unlinked":["<span class=\"advgb-post-tax-term\">Uncategorized<\/span>"]}},"comment_count":"0","relative_dates":{"created":"Publi\u00e9 6 ans il y a","modified":"Mis \u00e0 jour 5 ans il y a"},"absolute_dates":{"created":"Publi\u00e9 le septembre 28, 2020","modified":"Mise \u00e0 jour le juillet 19, 2021"},"absolute_dates_time":{"created":"Publi\u00e9 le septembre 28, 2020 12:13  ","modified":"Mise \u00e0 jour le juillet 19, 2021 9:03  "},"featured_img_caption":"","series_order":"","_links":{"self":[{"href":"https:\/\/aims-cameroon.org\/fr\/wp-json\/wp\/v2\/posts\/1033"}],"collection":[{"href":"https:\/\/aims-cameroon.org\/fr\/wp-json\/wp\/v2\/posts"}],"about":[{"href":"https:\/\/aims-cameroon.org\/fr\/wp-json\/wp\/v2\/types\/post"}],"author":[{"embeddable":true,"href":"https:\/\/aims-cameroon.org\/fr\/wp-json\/wp\/v2\/users\/2"}],"replies":[{"embeddable":true,"href":"https:\/\/aims-cameroon.org\/fr\/wp-json\/wp\/v2\/comments?post=1033"}],"version-history":[{"count":2,"href":"https:\/\/aims-cameroon.org\/fr\/wp-json\/wp\/v2\/posts\/1033\/revisions"}],"predecessor-version":[{"id":1035,"href":"https:\/\/aims-cameroon.org\/fr\/wp-json\/wp\/v2\/posts\/1033\/revisions\/1035"}],"wp:attachment":[{"href":"https:\/\/aims-cameroon.org\/fr\/wp-json\/wp\/v2\/media?parent=1033"}],"wp:term":[{"taxonomy":"category","embeddable":true,"href":"https:\/\/aims-cameroon.org\/fr\/wp-json\/wp\/v2\/categories?post=1033"},{"taxonomy":"post_tag","embeddable":true,"href":"https:\/\/aims-cameroon.org\/fr\/wp-json\/wp\/v2\/tags?post=1033"},{"taxonomy":"news_types","embeddable":true,"href":"https:\/\/aims-cameroon.org\/fr\/wp-json\/wp\/v2\/news_types?post=1033"}],"curies":[{"name":"wp","href":"https:\/\/api.w.org\/{rel}","templated":true}]}}